{"id":1929,"date":"2022-11-12T17:33:58","date_gmt":"2022-11-12T16:33:58","guid":{"rendered":"http:\/\/vivianedupart-infodoc.fr\/?p=1929"},"modified":"2023-07-30T15:56:53","modified_gmt":"2023-07-30T14:56:53","slug":"la-flamme-de-legalite-corpus-iconographique-niveau-5eme","status":"publish","type":"post","link":"https:\/\/vivianedupart-infodoc.fr\/index.php\/2022\/11\/12\/la-flamme-de-legalite-corpus-iconographique-niveau-5eme\/","title":{"rendered":"La flamme de l&rsquo;\u00e9galit\u00e9 &#8211; corpus iconographique &#8211; niveau 5\u00e8me"},"content":{"rendered":"\n<p>Pour pr\u00e9parer votre dossier de recherche, vous choisissez 1 document parmi la s\u00e9lection propos\u00e9e. Chaque \u00e9l\u00e8ve compl\u00e8te le DANSS, la fiche recette pour citer la source. Il faut aussi justifier votre choix : j&rsquo;ai choisi ce document iconographique parce que&#8230;. (au minimum 2 arguments).<\/p>\n\n\n\n<figure class=\"wp-block-image size-full\"><img loading=\"lazy\" decoding=\"async\" width=\"466\" height=\"601\" src=\"http:\/\/vivianedupart-infodoc.fr\/wp-content\/uploads\/2022\/11\/marche-esclave-1237.jpg\" alt=\"\" class=\"wp-image-1936\" srcset=\"https:\/\/vivianedupart-infodoc.fr\/wp-content\/uploads\/2022\/11\/marche-esclave-1237.jpg 466w, https:\/\/vivianedupart-infodoc.fr\/wp-content\/uploads\/2022\/11\/marche-esclave-1237-233x300.jpg 233w\" sizes=\"auto, (max-width: 466px) 100vw, 466px\" \/><figcaption class=\"wp-element-caption\">Le March\u00e9 aux esclaves<br>Al-Har\u00eer\u00ee, Al-Maq\u00e2m\u00e2t (Les S\u00e9ances)<br>Copi\u00e9 et peint par Yahy\u00e2 b. Mahm\u00fbd al-W\u00e2sit\u00ee, Bagdad, 1237.<br>Manuscrit sur papier (167 feuillets, 37 x 28 cm)<br>BnF, d\u00e9partement des Manuscrits, Arabe 5847 f. 105<br>\u00a9 Biblioth\u00e8que nationale de France \/ article disponible ici : <a href=\"http:\/\/classes.bnf.fr\/essentiels\/grand\/ess_203.htm\" target=\"_blank\" rel=\"noreferrer noopener\">http:\/\/classes.bnf.fr\/essentiels\/grand\/ess_203.htm<\/a><\/figcaption><\/figure>\n\n\n\n<p><\/p>\n\n\n\n<figure class=\"wp-block-image size-full\"><img loading=\"lazy\" decoding=\"async\" width=\"535\" height=\"532\" src=\"http:\/\/vivianedupart-infodoc.fr\/wp-content\/uploads\/2022\/11\/Detail-Kampf-der-Gladiatoren-\u00a9-Stiftung-Saarlandischer-Kulturbesitz.jpg\" alt=\"\" class=\"wp-image-1937\" srcset=\"https:\/\/vivianedupart-infodoc.fr\/wp-content\/uploads\/2022\/11\/Detail-Kampf-der-Gladiatoren-\u00a9-Stiftung-Saarlandischer-Kulturbesitz.jpg 535w, https:\/\/vivianedupart-infodoc.fr\/wp-content\/uploads\/2022\/11\/Detail-Kampf-der-Gladiatoren-\u00a9-Stiftung-Saarlandischer-Kulturbesitz-300x298.jpg 300w, https:\/\/vivianedupart-infodoc.fr\/wp-content\/uploads\/2022\/11\/Detail-Kampf-der-Gladiatoren-\u00a9-Stiftung-Saarlandischer-Kulturbesitz-150x150.jpg 150w\" sizes=\"auto, (max-width: 535px) 100vw, 535px\" \/><figcaption class=\"wp-element-caption\">Mosaikfu\u00dfboden, R\u00f6mische Villa Nennig, Detail. Article disponible ici : <a href=\"https:\/\/www.kulturbesitz.de\/de\/museen\/roemische-villa-nennig\" target=\"_blank\" rel=\"noreferrer noopener\">https:\/\/www.kulturbesitz.de\/de\/museen\/roemische-villa-nennig<\/a><\/figcaption><\/figure>\n\n\n\n<figure class=\"wp-block-image size-full\"><img loading=\"lazy\" decoding=\"async\" width=\"664\" height=\"941\" src=\"http:\/\/vivianedupart-infodoc.fr\/wp-content\/uploads\/2022\/11\/bateau.jpg\" alt=\"\" class=\"wp-image-1947\" srcset=\"https:\/\/vivianedupart-infodoc.fr\/wp-content\/uploads\/2022\/11\/bateau.jpg 664w, https:\/\/vivianedupart-infodoc.fr\/wp-content\/uploads\/2022\/11\/bateau-212x300.jpg 212w\" sizes=\"auto, (max-width: 664px) 100vw, 664px\" \/><figcaption class=\"wp-element-caption\">Plan, profil et distribution du navire n\u00e9grier, La Marie S\u00e9raphique de Nantes. Plans de la Marie S\u00e9raphique du capitaine Gaugy, arm\u00e9e par M. Gruel de Nantes pour l&rsquo;Angola, avec tonneaux \u00e0 flancs de cale, 307 Noirs entass\u00e9s \u00e0 l&rsquo;entrepont et pont. Gravure par Ren\u00e9 Lhermitte vers 1770. article disponible ici : <a href=\"https:\/\/memorial.nantes.fr\/nantes-la-traite-negriere-et-l-esclavage\/\" target=\"_blank\" rel=\"noreferrer noopener\">https:\/\/memorial.nantes.fr\/nantes-la-traite-negriere-et-l-esclavage\/<\/a><\/figcaption><\/figure>\n\n\n\n<figure class=\"wp-block-image size-full\"><img loading=\"lazy\" decoding=\"async\" width=\"793\" height=\"703\" src=\"http:\/\/vivianedupart-infodoc.fr\/wp-content\/uploads\/2022\/11\/canne-a-sucre-1823.jpg\" alt=\"\" class=\"wp-image-1939\" srcset=\"https:\/\/vivianedupart-infodoc.fr\/wp-content\/uploads\/2022\/11\/canne-a-sucre-1823.jpg 793w, https:\/\/vivianedupart-infodoc.fr\/wp-content\/uploads\/2022\/11\/canne-a-sucre-1823-300x266.jpg 300w, https:\/\/vivianedupart-infodoc.fr\/wp-content\/uploads\/2022\/11\/canne-a-sucre-1823-768x681.jpg 768w\" sizes=\"auto, (max-width: 793px) 100vw, 793px\" \/><figcaption class=\"wp-element-caption\">article disponible ici : <a href=\"https:\/\/www.worldhistory.org\/image\/14642\/slaves-cutting-the-sugar-cane\/\" target=\"_blank\" rel=\"noreferrer noopener\">https:\/\/www.worldhistory.org\/image\/14642\/slaves-cutting-the-sugar-cane\/<\/a><\/figcaption><\/figure>\n\n\n\n<figure class=\"wp-block-image size-full\"><img loading=\"lazy\" decoding=\"async\" width=\"314\" height=\"265\" src=\"http:\/\/vivianedupart-infodoc.fr\/wp-content\/uploads\/2022\/11\/Esclaves.jpg\" alt=\"\" class=\"wp-image-1941\" srcset=\"https:\/\/vivianedupart-infodoc.fr\/wp-content\/uploads\/2022\/11\/Esclaves.jpg 314w, https:\/\/vivianedupart-infodoc.fr\/wp-content\/uploads\/2022\/11\/Esclaves-300x253.jpg 300w\" sizes=\"auto, (max-width: 314px) 100vw, 314px\" \/><figcaption class=\"wp-element-caption\">esclaves en Afrique orientale \u00e0 la fin du XIX\u00e8me si\u00e8cle. Article disponible ici :<a rel=\"noreferrer noopener\" href=\"https:\/\/www.herodote.net\/L_esclavage_en_Afrique-synthese-13.php\" target=\"_blank\">https:\/\/www.herodote.net\/L_esclavage_en_Afrique-synthese-13.php<\/a><\/figcaption><\/figure>\n\n\n\n<figure class=\"wp-block-image size-large\"><img loading=\"lazy\" decoding=\"async\" width=\"1024\" height=\"583\" src=\"http:\/\/vivianedupart-infodoc.fr\/wp-content\/uploads\/2022\/11\/femme-reconfort-japon-1024x583.jpg\" alt=\"\" class=\"wp-image-1945\" srcset=\"https:\/\/vivianedupart-infodoc.fr\/wp-content\/uploads\/2022\/11\/femme-reconfort-japon-1024x583.jpg 1024w, https:\/\/vivianedupart-infodoc.fr\/wp-content\/uploads\/2022\/11\/femme-reconfort-japon-300x171.jpg 300w, https:\/\/vivianedupart-infodoc.fr\/wp-content\/uploads\/2022\/11\/femme-reconfort-japon-768x437.jpg 768w, https:\/\/vivianedupart-infodoc.fr\/wp-content\/uploads\/2022\/11\/femme-reconfort-japon.jpg 1252w\" sizes=\"auto, (max-width: 1024px) 100vw, 1024px\" \/><figcaption class=\"wp-element-caption\">artcle disponible ici : <a href=\"https:\/\/www.nationalgeographic.fr\/histoire\/2020\/08\/esclaves-sexuelles-une-verite-qui-derange-au-japon\" target=\"_blank\" rel=\"noreferrer noopener\">https:\/\/www.nationalgeographic.fr\/histoire\/2020\/08\/esclaves-sexuelles-une-verite-qui-derange-au-japon<\/a><\/figcaption><\/figure>\n\n\n\n<figure class=\"wp-block-image size-full\"><img loading=\"lazy\" decoding=\"async\" width=\"640\" height=\"426\" src=\"http:\/\/vivianedupart-infodoc.fr\/wp-content\/uploads\/2022\/11\/travail-des-enfants-mine-Afrique-AFP.jpg\" alt=\"\" class=\"wp-image-1930\" srcset=\"https:\/\/vivianedupart-infodoc.fr\/wp-content\/uploads\/2022\/11\/travail-des-enfants-mine-Afrique-AFP.jpg 640w, https:\/\/vivianedupart-infodoc.fr\/wp-content\/uploads\/2022\/11\/travail-des-enfants-mine-Afrique-AFP-300x200.jpg 300w\" sizes=\"auto, (max-width: 640px) 100vw, 640px\" \/><figcaption class=\"wp-element-caption\">Mine d&rsquo;Afrique &#8211; AFP. Article disponible sur : <a href=\"https:\/\/www.tdg.ch\/le-travail-force-genere-150-milliards-de-profits-illegaux-691521258867\" target=\"_blank\" rel=\"noreferrer noopener\">https:\/\/www.tdg.ch\/le-travail-force-genere-150-milliards-de-profits-illegaux-691521258867<\/a><\/figcaption><\/figure>\n\n\n\n<figure class=\"wp-block-image size-full\"><img loading=\"lazy\" decoding=\"async\" width=\"1024\" height=\"614\" src=\"http:\/\/vivianedupart-infodoc.fr\/wp-content\/uploads\/2022\/11\/ouvriers-chinois-2007.jpg\" alt=\"\" class=\"wp-image-1943\" srcset=\"https:\/\/vivianedupart-infodoc.fr\/wp-content\/uploads\/2022\/11\/ouvriers-chinois-2007.jpg 1024w, https:\/\/vivianedupart-infodoc.fr\/wp-content\/uploads\/2022\/11\/ouvriers-chinois-2007-300x180.jpg 300w, https:\/\/vivianedupart-infodoc.fr\/wp-content\/uploads\/2022\/11\/ouvriers-chinois-2007-768x461.jpg 768w\" sizes=\"auto, (max-width: 1024px) 100vw, 1024px\" \/><figcaption class=\"wp-element-caption\">Des ouvriers r\u00e9duits en esclavage dans une briquetterie de la province chinoise du Henan, en juin 2007. (Photo Carlf Zhang. Reuters) Article disponible ici : <a href=\"https:\/\/www.liberation.fr\/planete\/2014\/11\/17\/pres-de-36-millions-d-esclaves-dans-le-monde_1144709\/\" target=\"_blank\" rel=\"noreferrer noopener\">https:\/\/www.liberation.fr\/planete\/2014\/11\/17\/pres-de-36-millions-d-esclaves-dans-le-monde_1144709\/<\/a><\/figcaption><\/figure>\n\n\n\n<figure class=\"wp-block-image size-full\"><img loading=\"lazy\" decoding=\"async\" width=\"747\" height=\"680\" src=\"http:\/\/vivianedupart-infodoc.fr\/wp-content\/uploads\/2022\/11\/travail-des-enfants-monde.jpg\" alt=\"\" class=\"wp-image-1940\" srcset=\"https:\/\/vivianedupart-infodoc.fr\/wp-content\/uploads\/2022\/11\/travail-des-enfants-monde.jpg 747w, https:\/\/vivianedupart-infodoc.fr\/wp-content\/uploads\/2022\/11\/travail-des-enfants-monde-300x273.jpg 300w\" sizes=\"auto, (max-width: 747px) 100vw, 747px\" \/><figcaption class=\"wp-element-caption\">Article disponible ici : <a href=\"https:\/\/www.novethic.fr\/actualite\/social\/droits-humains\/isr-rse\/168-millions-d-enfants-au-travail-dans-le-monde-144008.html\" target=\"_blank\" rel=\"noreferrer noopener\">https:\/\/www.novethic.fr\/actualite\/social\/droits-humains\/isr-rse\/168-millions-d-enfants-au-travail-dans-le-monde-144008.html<\/a><\/figcaption><\/figure>\n\n\n\n<figure class=\"wp-block-image size-large\"><img loading=\"lazy\" decoding=\"async\" width=\"1024\" height=\"537\" src=\"http:\/\/vivianedupart-infodoc.fr\/wp-content\/uploads\/2022\/11\/36-millions-desclaves-1024x537.jpg\" alt=\"\" class=\"wp-image-1932\" srcset=\"https:\/\/vivianedupart-infodoc.fr\/wp-content\/uploads\/2022\/11\/36-millions-desclaves-1024x537.jpg 1024w, https:\/\/vivianedupart-infodoc.fr\/wp-content\/uploads\/2022\/11\/36-millions-desclaves-300x157.jpg 300w, https:\/\/vivianedupart-infodoc.fr\/wp-content\/uploads\/2022\/11\/36-millions-desclaves-768x403.jpg 768w, https:\/\/vivianedupart-infodoc.fr\/wp-content\/uploads\/2022\/11\/36-millions-desclaves.jpg 1051w\" sizes=\"auto, (max-width: 1024px) 100vw, 1024px\" \/><figcaption class=\"wp-element-caption\">article disponible sur : <a href=\"https:\/\/journalmetro.com\/monde\/702212\/infographie-36-millions-desclaves-dans-le-monde\/\" target=\"_blank\" rel=\"noreferrer noopener\">https:\/\/journalmetro.com\/monde\/702212\/infographie-36-millions-desclaves-dans-le-monde\/<\/a><\/figcaption><\/figure>\n\n\n\n<figure class=\"wp-block-image size-full\"><img loading=\"lazy\" decoding=\"async\" width=\"962\" height=\"626\" src=\"http:\/\/vivianedupart-infodoc.fr\/wp-content\/uploads\/2022\/11\/migrant-tripoli-marche-aux-esclaves.jpg\" alt=\"\" class=\"wp-image-1931\" srcset=\"https:\/\/vivianedupart-infodoc.fr\/wp-content\/uploads\/2022\/11\/migrant-tripoli-marche-aux-esclaves.jpg 962w, https:\/\/vivianedupart-infodoc.fr\/wp-content\/uploads\/2022\/11\/migrant-tripoli-marche-aux-esclaves-300x195.jpg 300w, https:\/\/vivianedupart-infodoc.fr\/wp-content\/uploads\/2022\/11\/migrant-tripoli-marche-aux-esclaves-768x500.jpg 768w\" sizes=\"auto, (max-width: 962px) 100vw, 962px\" \/><figcaption class=\"wp-element-caption\">article disponible sur : <a href=\"https:\/\/www.francetvinfo.fr\/monde\/afrique\/libye\/la-libye-un-marche-aux-esclaves-pour-des-migrants-qui-revent-deurope_3057483.html\">https:\/\/www.francetvinfo.fr\/monde\/afrique\/libye\/la-libye-un-marche-aux-esclaves-pour-des-migrants-qui-revent-deurope_3057483.html<\/a><\/figcaption><\/figure>\n\n\n\n<figure class=\"wp-block-image size-large\"><img loading=\"lazy\" decoding=\"async\" width=\"531\" height=\"1024\" src=\"http:\/\/vivianedupart-infodoc.fr\/wp-content\/uploads\/2022\/11\/infographie-traite-des-esclaves-531x1024.jpg\" alt=\"\" class=\"wp-image-1934\" srcset=\"https:\/\/vivianedupart-infodoc.fr\/wp-content\/uploads\/2022\/11\/infographie-traite-des-esclaves-531x1024.jpg 531w, https:\/\/vivianedupart-infodoc.fr\/wp-content\/uploads\/2022\/11\/infographie-traite-des-esclaves-156x300.jpg 156w, https:\/\/vivianedupart-infodoc.fr\/wp-content\/uploads\/2022\/11\/infographie-traite-des-esclaves.jpg 622w\" sizes=\"auto, (max-width: 531px) 100vw, 531px\" \/><figcaption class=\"wp-element-caption\">article disponible ici : <a href=\"https:\/\/www.leparisien.fr\/international\/esclavage-moderne-40-millions-de-cas-dans-le-monde-24-11-2017-7413477.php\" target=\"_blank\" rel=\"noreferrer noopener\">https:\/\/www.leparisien.fr\/international\/esclavage-moderne-40-millions-de-cas-dans-le-monde-24-11-2017-7413477.php<\/a><\/figcaption><\/figure>\n\n\n\n<figure class=\"wp-block-image size-full\"><img loading=\"lazy\" decoding=\"async\" width=\"484\" height=\"272\" src=\"http:\/\/vivianedupart-infodoc.fr\/wp-content\/uploads\/2022\/11\/secteurs-esclavages.jpg\" alt=\"\" class=\"wp-image-1935\" srcset=\"https:\/\/vivianedupart-infodoc.fr\/wp-content\/uploads\/2022\/11\/secteurs-esclavages.jpg 484w, https:\/\/vivianedupart-infodoc.fr\/wp-content\/uploads\/2022\/11\/secteurs-esclavages-300x169.jpg 300w\" sizes=\"auto, (max-width: 484px) 100vw, 484px\" \/><\/figure>\n\n\n\n<p><\/p>\n\n\n\n<figure class=\"wp-block-image size-full\"><img loading=\"lazy\" decoding=\"async\" width=\"818\" height=\"482\" src=\"http:\/\/vivianedupart-infodoc.fr\/wp-content\/uploads\/2022\/11\/esclavage-domestique-france.jpg\" alt=\"\" class=\"wp-image-1942\" srcset=\"https:\/\/vivianedupart-infodoc.fr\/wp-content\/uploads\/2022\/11\/esclavage-domestique-france.jpg 818w, https:\/\/vivianedupart-infodoc.fr\/wp-content\/uploads\/2022\/11\/esclavage-domestique-france-300x177.jpg 300w, https:\/\/vivianedupart-infodoc.fr\/wp-content\/uploads\/2022\/11\/esclavage-domestique-france-768x453.jpg 768w\" sizes=\"auto, (max-width: 818px) 100vw, 818px\" \/><figcaption class=\"wp-element-caption\">Article disponible ici : <a href=\"https:\/\/www.radiofrance.fr\/franceculture\/esclavage-moderne-en-france-l-indifference-des-gens-est-absolument-terrible-9439079\" target=\"_blank\" rel=\"noreferrer noopener\">https:\/\/www.radiofrance.fr\/franceculture\/esclavage-moderne-en-france-l-indifference-des-gens-est-absolument-terrible-9439079<\/a><\/figcaption><\/figure>\n\n\n\n<figure class=\"wp-block-image size-full\"><img loading=\"lazy\" decoding=\"async\" width=\"269\" height=\"435\" src=\"http:\/\/vivianedupart-infodoc.fr\/wp-content\/uploads\/2022\/11\/nadia-murad.jpg\" alt=\"\" class=\"wp-image-1946\" srcset=\"https:\/\/vivianedupart-infodoc.fr\/wp-content\/uploads\/2022\/11\/nadia-murad.jpg 269w, https:\/\/vivianedupart-infodoc.fr\/wp-content\/uploads\/2022\/11\/nadia-murad-186x300.jpg 186w\" sizes=\"auto, (max-width: 269px) 100vw, 269px\" \/><figcaption class=\"wp-element-caption\">La jeune Y\u00e9zidie est emmen\u00e9e \u00e0 Mossoul avec des milliers d&rsquo;autres filles pour y \u00eatre vendue. Servante, esclave sexuelle, elle devient la prisonni\u00e8re de combattants de l&rsquo;\u00c9tat islamique. Article disponible ici : <a rel=\"noreferrer noopener\" href=\"https:\/\/www.livredepoche.com\/livre\/pour-que-je-sois-la-derniere-9782253257462\" target=\"_blank\">https:\/\/www.livredepoche.com\/livre\/pour-que-je-sois-la-derniere-9782253257462<\/a><\/figcaption><\/figure>\n","protected":false},"excerpt":{"rendered":"<p>Pour pr\u00e9parer votre dossier de recherche, vous choisissez 1 document parmi la s\u00e9lection propos\u00e9e. Chaque \u00e9l\u00e8ve compl\u00e8te le DANSS, la<\/p>\n","protected":false},"author":2,"featured_media":1947,"comment_status":"closed","ping_status":"open","sticky":false,"template":"","format":"standard","meta":{"footnotes":""},"categories":[94],"tags":[],"class_list":["post-1929","post","type-post","status-publish","format-standard","has-post-thumbnail","hentry","category-niveau-5eme-corpus-documentaire","comments-off"],"_links":{"self":[{"href":"https:\/\/vivianedupart-infodoc.fr\/index.php\/wp-json\/wp\/v2\/posts\/1929","targetHints":{"allow":["GET"]}}],"collection":[{"href":"https:\/\/vivianedupart-infodoc.fr\/index.php\/wp-json\/wp\/v2\/posts"}],"about":[{"href":"https:\/\/vivianedupart-infodoc.fr\/index.php\/wp-json\/wp\/v2\/types\/post"}],"author":[{"embeddable":true,"href":"https:\/\/vivianedupart-infodoc.fr\/index.php\/wp-json\/wp\/v2\/users\/2"}],"replies":[{"embeddable":true,"href":"https:\/\/vivianedupart-infodoc.fr\/index.php\/wp-json\/wp\/v2\/comments?post=1929"}],"version-history":[{"count":7,"href":"https:\/\/vivianedupart-infodoc.fr\/index.php\/wp-json\/wp\/v2\/posts\/1929\/revisions"}],"predecessor-version":[{"id":1994,"href":"https:\/\/vivianedupart-infodoc.fr\/index.php\/wp-json\/wp\/v2\/posts\/1929\/revisions\/1994"}],"wp:featuredmedia":[{"embeddable":true,"href":"https:\/\/vivianedupart-infodoc.fr\/index.php\/wp-json\/wp\/v2\/media\/1947"}],"wp:attachment":[{"href":"https:\/\/vivianedupart-infodoc.fr\/index.php\/wp-json\/wp\/v2\/media?parent=1929"}],"wp:term":[{"taxonomy":"category","embeddable":true,"href":"https:\/\/vivianedupart-infodoc.fr\/index.php\/wp-json\/wp\/v2\/categories?post=1929"},{"taxonomy":"post_tag","embeddable":true,"href":"https:\/\/vivianedupart-infodoc.fr\/index.php\/wp-json\/wp\/v2\/tags?post=1929"}],"curies":[{"name":"wp","href":"https:\/\/api.w.org\/{rel}","templated":true}]}}