{"id":240,"date":"2016-07-08T13:59:57","date_gmt":"2016-07-08T12:59:57","guid":{"rendered":"http:\/\/vivianedupart-infodoc.fr\/?p=240"},"modified":"2016-07-08T13:59:57","modified_gmt":"2016-07-08T12:59:57","slug":"les-mesures-du-temps-de-mathieu-gabella-et-anthony-audibert","status":"publish","type":"post","link":"https:\/\/vivianedupart-infodoc.fr\/index.php\/2016\/07\/08\/les-mesures-du-temps-de-mathieu-gabella-et-anthony-audibert\/","title":{"rendered":"Les mesures du temps de Mathieu GABELLA et Anthony AUDIBERT"},"content":{"rendered":"<p style=\"text-align: center;\"><strong>Analyse de la BD r\u00e9alis\u00e9e par Antoine, \u00e9l\u00e8ve de 4\u00e8me en 2009<\/strong><\/p>\n<p style=\"text-align: center;\"><a href=\"http:\/\/vivianedupart-infodoc.fr\/wp-content\/uploads\/2016\/07\/Les_mesures_du_temps.pdf\" target=\"_blank\">Les mesures du temps &#8211; version pdf<\/a><\/p>\n<p class=\"spip\"><strong><span style=\"color: #ff9900;\"><a href=\"http:\/\/vivianedupart-infodoc.fr\/wp-content\/uploads\/2016\/07\/mesure-temps-1.jpg\"><img loading=\"lazy\" decoding=\"async\" class=\"size-full wp-image-241 alignleft\" src=\"http:\/\/vivianedupart-infodoc.fr\/wp-content\/uploads\/2016\/07\/mesure-temps-1.jpg\" alt=\"mesure temps 1\" width=\"59\" height=\"85\" \/><\/a>L\u2019histoire<\/span><\/strong><\/p>\n<p class=\"spip\">Un jour, en fouillant dans le grenier de son p\u00e8re, Benjamin trouve une vieille montre. Accidentellement, il s\u2019aper\u00e7oit qu\u2019il peut arr\u00eater le temps en mettant un peu de son sang sur les aiguilles de cette montre. Il se sert alors de ce don pour braquer des banques et pour s\u2019enrichir. Ce qu\u2019il ignore, c\u2019est que d\u2019autres personnes connaissent l\u2019existence de cette montre et ils ne sont pas affect\u00e9s par les arr\u00eats du temps. Ces personnes feront tout pour arr\u00eater Benjamin et r\u00e9cup\u00e9rer l\u2019horloge. La course contre le temps commence&#8230;<\/p>\n<p class=\"spip\"><strong><span style=\"color: #ff9900;\">L\u2019analyse de la BD<\/span><\/strong><\/p>\n<p class=\"spip\"><a href=\"http:\/\/vivianedupart-infodoc.fr\/wp-content\/uploads\/2016\/07\/mesure-temps-2.jpg\"><img loading=\"lazy\" decoding=\"async\" class=\"alignright wp-image-242\" src=\"http:\/\/vivianedupart-infodoc.fr\/wp-content\/uploads\/2016\/07\/mesure-temps-2.jpg\" alt=\"mesure temps 2\" width=\"200\" height=\"93\" \/><\/a>Le dessin est au crayon, \u00e0 la peinture tr\u00e8s dilu\u00e9e et \u00e0 l\u2019ordinateur. Au premier plan, le dessin est simple et, \u00e0 l\u2019arri\u00e8re plan, il est tr\u00e8s vague. En effet, Anthony Audibert ne met parfois que des aplats de couleur. Le d\u00e9cor est sugg\u00e9r\u00e9, symbolis\u00e9 par quelques traits principaux. Les couleurs sont souvent sombres avec du marron, du rouge, du gris. Lors des arr\u00eats du temps, les couleurs se diluent dans un cama\u00efeu de marron ( du marron fonc\u00e9 au marron clair ) et un cama\u00efeu de vert.<\/p>\n<p class=\"spip\">Le personnage principal, Benjamin avec son pardessus vert, est la touche de couleur qui ponctue les cases et le d\u00e9roulement de l\u2019histoire.<\/p>\n<p class=\"spip\">Les cases sont rectangulaires au contour tr\u00e8s pr\u00e9cis avec un trait \u00e9pais et noir fait \u00e0 l\u2019ordinateur. Pendant les flash-back, les contours deviennent flous comme voil\u00e9s, dilu\u00e9s dans l\u2019arr\u00eat du temps. Le dessin devient monochrome. Les bulles sont toutes rectangulaires. Tout au long de la BD, des bulles au fond noir nous d\u00e9livrent un po\u00e8me&#8230; la cl\u00e9 du myst\u00e8re.<\/p>\n<p class=\"spip\"><strong><span style=\"color: #ff9900;\">Mon opinion<\/span><\/strong><\/p>\n<p class=\"spip\">J\u2019ai aim\u00e9 cette BD car les graphismes sont originaux et d\u00e9crivent assez bien la sensation des arr\u00eats du temps. L\u2019histoire contient beaucoup de suspens mais elle reste compliqu\u00e9e ( il faut donc la lire plusieurs fois pour la comprendre enti\u00e8rement).<\/p>\n<p class=\"spip\">GABELLA, Mathieu\u00a0; AUDIBERT, Anthony.<i class=\"spip\"> Les mesures du temps<\/i>. Petit \u00e0 petit, 2005.<\/p>\n<p class=\"spip\" style=\"text-align: center;\"><strong><span style=\"color: #ff9900;\">La BD est disponible au CDI ou dans les librairies\u00a0!<\/span><\/strong><\/p>\n<hr \/>\n<p class=\"spip\" style=\"text-align: center;\">\n","protected":false},"excerpt":{"rendered":"<p>Analyse de la BD r\u00e9alis\u00e9e par Antoine, \u00e9l\u00e8ve de 4\u00e8me en 2009 Les mesures du temps &#8211; version pdf L\u2019histoire<\/p>\n","protected":false},"author":2,"featured_media":0,"comment_status":"open","ping_status":"open","sticky":false,"template":"","format":"standard","meta":{"footnotes":""},"categories":[21],"tags":[20],"class_list":["post-240","post","type-post","status-publish","format-standard","hentry","category-decouverte-de-la-bd","tag-bd"],"_links":{"self":[{"href":"https:\/\/vivianedupart-infodoc.fr\/index.php\/wp-json\/wp\/v2\/posts\/240","targetHints":{"allow":["GET"]}}],"collection":[{"href":"https:\/\/vivianedupart-infodoc.fr\/index.php\/wp-json\/wp\/v2\/posts"}],"about":[{"href":"https:\/\/vivianedupart-infodoc.fr\/index.php\/wp-json\/wp\/v2\/types\/post"}],"author":[{"embeddable":true,"href":"https:\/\/vivianedupart-infodoc.fr\/index.php\/wp-json\/wp\/v2\/users\/2"}],"replies":[{"embeddable":true,"href":"https:\/\/vivianedupart-infodoc.fr\/index.php\/wp-json\/wp\/v2\/comments?post=240"}],"version-history":[{"count":1,"href":"https:\/\/vivianedupart-infodoc.fr\/index.php\/wp-json\/wp\/v2\/posts\/240\/revisions"}],"predecessor-version":[{"id":244,"href":"https:\/\/vivianedupart-infodoc.fr\/index.php\/wp-json\/wp\/v2\/posts\/240\/revisions\/244"}],"wp:attachment":[{"href":"https:\/\/vivianedupart-infodoc.fr\/index.php\/wp-json\/wp\/v2\/media?parent=240"}],"wp:term":[{"taxonomy":"category","embeddable":true,"href":"https:\/\/vivianedupart-infodoc.fr\/index.php\/wp-json\/wp\/v2\/categories?post=240"},{"taxonomy":"post_tag","embeddable":true,"href":"https:\/\/vivianedupart-infodoc.fr\/index.php\/wp-json\/wp\/v2\/tags?post=240"}],"curies":[{"name":"wp","href":"https:\/\/api.w.org\/{rel}","templated":true}]}}