{"id":248,"date":"2016-07-08T14:06:20","date_gmt":"2016-07-08T13:06:20","guid":{"rendered":"http:\/\/vivianedupart-infodoc.fr\/?p=248"},"modified":"2016-07-08T14:07:23","modified_gmt":"2016-07-08T13:07:23","slug":"le-troisieme-testament-de-xavier-dorison-et-alex-alice","status":"publish","type":"post","link":"https:\/\/vivianedupart-infodoc.fr\/index.php\/2016\/07\/08\/le-troisieme-testament-de-xavier-dorison-et-alex-alice\/","title":{"rendered":"Le Troisi\u00e8me Testament de Xavier DORISON et Alex ALICE"},"content":{"rendered":"<p style=\"text-align: center;\"><strong><span style=\"color: #ff9900;\"><a href=\"http:\/\/vivianedupart-infodoc.fr\/wp-content\/uploads\/2016\/07\/troisi\u00e8me-testament-1.jpg\"><img loading=\"lazy\" decoding=\"async\" class=\"size-full wp-image-251 alignleft\" src=\"http:\/\/vivianedupart-infodoc.fr\/wp-content\/uploads\/2016\/07\/troisi\u00e8me-testament-1.jpg\" alt=\"troisi\u00e8me testament 1\" width=\"111\" height=\"150\" \/><\/a><\/span><\/strong><strong>Analyse de la BD r\u00e9alis\u00e9e par Paul, \u00e9l\u00e8ve de 4\u00e8me en 2009<\/strong><\/p>\n<p><strong><span style=\"color: #ff9900;\">Marc ou le r\u00e9veil du lion<\/span><\/strong><\/p>\n<p class=\"spip\"><strong><span style=\"color: #ff9900;\">L\u2019histoire<\/span><\/strong><\/p>\n<p class=\"spip\">Dans un couvent, des moines sont assassin\u00e9s et des manuscrits tr\u00e8s anciens ont disparu. Ces manuscrits viennent d\u2019\u00eatre d\u00e9couverts dans une cave \u00e9boul\u00e9e de ce couvent. Le myst\u00e8re plane car ces livres religieux ne sont r\u00e9f\u00e9renc\u00e9s nulle part y compris dans l\u2019Index de l\u2019Eglise ( liste d\u2019ouvrages interdits aux catholiques).<\/p>\n<p class=\"spip\">L\u2019archev\u00eaque de Paris demande de l\u2019aide \u00e0 son ami, le comte Conrad de Marbourg pour r\u00e9soudre cette affaire. Mais lorsque le comte arrive, l\u2019archev\u00eaque vient d\u2019\u00eatre tu\u00e9\u00a0! Accompagn\u00e9 d\u2019\u00c9lisabeth D\u2019Elsenor, la fille adoptive de l\u2019archev\u00eaque, Conrad part en qu\u00eate de ces myst\u00e9rieux parchemins qui pourraient bouleverser le r\u00f4le et le pouvoir de l\u2019\u00c9glise en place. Cependant l\u2019Inquisition, un ennemi fauconnier inconnu et des templiers sont aussi \u00e0 la recherche de ce parchemin secret&#8230;<\/p>\n<p class=\"spip\"><strong><span style=\"color: #ff9900;\">L\u2019analyse de la BD<\/span><\/strong><\/p>\n<p class=\"spip\"><a href=\"http:\/\/vivianedupart-infodoc.fr\/wp-content\/uploads\/2016\/07\/trois\u00e8me-testament-2.jpg\"><img loading=\"lazy\" decoding=\"async\" class=\"size-full wp-image-249 alignright\" src=\"http:\/\/vivianedupart-infodoc.fr\/wp-content\/uploads\/2016\/07\/trois\u00e8me-testament-2.jpg\" alt=\"trois\u00e8me testament 2\" width=\"142\" height=\"189\" srcset=\"https:\/\/vivianedupart-infodoc.fr\/wp-content\/uploads\/2016\/07\/trois\u00e8me-testament-2.jpg 142w, https:\/\/vivianedupart-infodoc.fr\/wp-content\/uploads\/2016\/07\/trois\u00e8me-testament-2-113x150.jpg 113w\" sizes=\"auto, (max-width: 142px) 100vw, 142px\" \/><\/a>Le dessinateur utilise l\u2019aquarelle et l\u2019encre de chine. Le contour du dessin est repr\u00e9sent\u00e9 par un trait fin et noir. Les couleurs dominantes sont toutes des couleurs froides comme le blanc, le bleu et le violet. Mais l\u2019illustrateur utilise les couleurs chaudes pour l\u2019int\u00e9rieur des b\u00e2timents souvent \u00e9clair\u00e9 \u00e0 la bougie. Les cases de la BD sont en formes de rectangle avec une mise en valeur des actions importantes et elles sont repr\u00e9sent\u00e9es par un trait noir.<\/p>\n<p class=\"spip\"><strong><span style=\"color: #ff9900;\">Mon opinion<\/span><\/strong><\/p>\n<p class=\"spip\">j\u2019ai aim\u00e9 cette BD car l\u2019histoire se passe au Moyen-Age, les dessins sont pr\u00e9cis et il y a beaucoup de paysages. En lisant le tome 1 le lecteur est incit\u00e9 \u00e0 lire la suite. On comprend l\u2019histoire au fur et \u00e0 mesure des tomes. Cette BD est myst\u00e9rieuse et intrigante.<\/p>\n<p class=\"spip\">DORISON, Xavier\u00a0; ALICE, Alex. <i class=\"spip\">Le troisi\u00e8me testament<\/i>. Gl\u00e9nat, 1997. Vol. 1<\/p>\n<p class=\"spip\" style=\"text-align: center;\"><strong><span style=\"color: #ff9900;\">La s\u00e9rie est disponible au CDI et dans les librairies\u00a0!<\/span><\/strong><\/p>\n<hr \/>\n<p class=\"spip\" style=\"text-align: center;\">\n","protected":false},"excerpt":{"rendered":"<p>Analyse de la BD r\u00e9alis\u00e9e par Paul, \u00e9l\u00e8ve de 4\u00e8me en 2009 Marc ou le r\u00e9veil du lion L\u2019histoire Dans<\/p>\n","protected":false},"author":2,"featured_media":0,"comment_status":"open","ping_status":"open","sticky":false,"template":"","format":"standard","meta":{"footnotes":""},"categories":[21],"tags":[20],"class_list":["post-248","post","type-post","status-publish","format-standard","hentry","category-decouverte-de-la-bd","tag-bd"],"_links":{"self":[{"href":"https:\/\/vivianedupart-infodoc.fr\/index.php\/wp-json\/wp\/v2\/posts\/248","targetHints":{"allow":["GET"]}}],"collection":[{"href":"https:\/\/vivianedupart-infodoc.fr\/index.php\/wp-json\/wp\/v2\/posts"}],"about":[{"href":"https:\/\/vivianedupart-infodoc.fr\/index.php\/wp-json\/wp\/v2\/types\/post"}],"author":[{"embeddable":true,"href":"https:\/\/vivianedupart-infodoc.fr\/index.php\/wp-json\/wp\/v2\/users\/2"}],"replies":[{"embeddable":true,"href":"https:\/\/vivianedupart-infodoc.fr\/index.php\/wp-json\/wp\/v2\/comments?post=248"}],"version-history":[{"count":2,"href":"https:\/\/vivianedupart-infodoc.fr\/index.php\/wp-json\/wp\/v2\/posts\/248\/revisions"}],"predecessor-version":[{"id":252,"href":"https:\/\/vivianedupart-infodoc.fr\/index.php\/wp-json\/wp\/v2\/posts\/248\/revisions\/252"}],"wp:attachment":[{"href":"https:\/\/vivianedupart-infodoc.fr\/index.php\/wp-json\/wp\/v2\/media?parent=248"}],"wp:term":[{"taxonomy":"category","embeddable":true,"href":"https:\/\/vivianedupart-infodoc.fr\/index.php\/wp-json\/wp\/v2\/categories?post=248"},{"taxonomy":"post_tag","embeddable":true,"href":"https:\/\/vivianedupart-infodoc.fr\/index.php\/wp-json\/wp\/v2\/tags?post=248"}],"curies":[{"name":"wp","href":"https:\/\/api.w.org\/{rel}","templated":true}]}}