{"id":289,"date":"2016-07-08T14:45:52","date_gmt":"2016-07-08T13:45:52","guid":{"rendered":"http:\/\/vivianedupart-infodoc.fr\/?p=289"},"modified":"2016-07-08T15:12:16","modified_gmt":"2016-07-08T14:12:16","slug":"leif-eriksson-premier-pas-en-amerique-vers-lan-1000","status":"publish","type":"post","link":"https:\/\/vivianedupart-infodoc.fr\/index.php\/2016\/07\/08\/leif-eriksson-premier-pas-en-amerique-vers-lan-1000\/","title":{"rendered":"Leif Eriksson : Premier pas en Am\u00e9rique vers l\u2019an 1000"},"content":{"rendered":"<p class=\"spip\" style=\"text-align: justify;\"><a href=\"http:\/\/vivianedupart-infodoc.fr\/wp-content\/uploads\/2016\/07\/leif-eriksson.jpg\"><img loading=\"lazy\" decoding=\"async\" class=\"size-full wp-image-290 alignleft\" src=\"http:\/\/vivianedupart-infodoc.fr\/wp-content\/uploads\/2016\/07\/leif-eriksson.jpg\" alt=\"leif eriksson\" width=\"85\" height=\"121\" \/><\/a>Leif Eriksson est n\u00e9 vers 975-980 et d\u00e9c\u00e8de vers 1020 en Islande. Son p\u00e8re, Erik le Rouge est le fondateur d\u2019une colonie au Groenland vers 985. Leif Eriksson serait le premier explorateur \u00e0 d\u00e9couvrir l\u2019Am\u00e9rique.<\/p>\n<p class=\"spip\" style=\"text-align: justify;\"><strong><span style=\"color: #ff9900;\">La l\u00e9gende<\/span><\/strong><\/p>\n<p class=\"spip\" style=\"text-align: justify;\">Le titre des deux sagas islandaises racontant la vie de Leif Eriksson sont la saga d\u2019Erik le rouge, <i class=\"spip\">Eiriks saga raudaau<\/i> datant du XIII\u00e8me si\u00e8cle, et la saga des Groenlandais, <i class=\"spip\">Graenlendiga saga<\/i> au XVI\u00e8me si\u00e8cle. La d\u00e9finition de saga dans la civilisation islandaise est une transcription m\u00e9di\u00e9vale de l\u00e9gendes orales et des r\u00e9cits en prose caract\u00e9risques de la litt\u00e9rature islandaise.<\/p>\n<p class=\"spip\" style=\"text-align: justify;\">Vers 985, le p\u00e8re de Leif Eriksson fonde une colonie au Groenland. Le mot Groenland signifie Terre verte. Son p\u00e8re doit, en effet, quitter l\u2019Island car il a \u00e9t\u00e9 exil\u00e9 pendant 3 ans apr\u00e8s avoir assassin\u00e9 son propre p\u00e8re, le chef du clan viking\u00a0! Au bout de quelques temps, son fils Leif Eriksson doit trouver de nouvelles terres car les ressources naturelles sont insuffisantes pour la colonie. Il n\u2019y a plus de bois de charpente par exemple.<\/p>\n<p class=\"spip\" style=\"text-align: justify;\"><strong><span style=\"color: #ff9900;\">La d\u00e9couverte de l\u2019Am\u00e9rique du Nord<\/span><\/strong><\/p>\n<p class=\"spip\" style=\"text-align: justify;\">Leif Eriksson ach\u00e8te son bateau \u00e0 Bjarni Herjolfsson. Ce n\u00e9gociant lui raconte qu\u2019en voulant rejoindre le Groenland, il doit d\u00e9vier de sa route \u00e0 cause du mauvais temps et qu\u2019il a aper\u00e7u les c\u00f4tes d\u2019une nouvelle terre. Leif Eriksson part en exp\u00e9dition vers l\u2019an 1000 pour accoster au nord de Terre-Neuve. Il nomme ce lieu Vinland mais il doit quitter cet endroit \u00e0 cause de l\u2019hostilit\u00e9 des indiens. Seules quelques preuves attestent du passage des vikings en Am\u00e9rique du Nord\u00a0: une pi\u00e8ce \u00e0 l\u2019effigie du roi Olav Kyrre de Norv\u00e8ge trouv\u00e9e en Terre-Neuve, une st\u00e8le grav\u00e9e en caract\u00e8re runiques.<\/p>\n<p class=\"spip\" style=\"text-align: justify;\"><strong><span style=\"color: #ff9900;\">Les techniques de navigation<\/span><\/strong><\/p>\n<p class=\"spip\" style=\"text-align: justify;\">Le drakkar est un \u00e9norme bateau qui peut transporter 70 guerriers \u00e0 bord sans que le navire coule. Il est maniable, rapide et aussi capable d\u2019affronter le grand large gr\u00e2ce \u00e0 sa coque qui supporte les effets du tangage et du roulis. Son fond plat lui permet d\u2019approcher sans danger n\u2019importe quelle c\u00f4te. Le mat peut se plier et les vikings poursuivent leur route en ramant. Pour naviguer sur les oc\u00e9ans, les vikings n\u2019ont pas de carte mais ils se rep\u00e8rent gr\u00e2ce aux vents, aux courants marins, aux animaux marins. Pour chaque exp\u00e9dition, les vikings embarquent avec eux un marin exp\u00e9riment\u00e9 qui connait le chemin\u00a0: l\u2019homme qui dit le chemin, le le\u00efdhs\u00f6gumadhr.<\/p>\n<p class=\"spip\" style=\"text-align: right;\"><strong>Texte r\u00e9dig\u00e9 par des \u00e9l\u00e8ves de 4\u00e8me<\/strong><\/p>\n<p class=\"spip\" style=\"text-align: right;\"><em>IDD 4\u00e8me (2008-2009) &#8211;\u00a0 Les explorations maritimes<\/em><\/p>\n<hr \/>\n<p class=\"spip\" style=\"text-align: right;\">\n","protected":false},"excerpt":{"rendered":"<p>Leif Eriksson est n\u00e9 vers 975-980 et d\u00e9c\u00e8de vers 1020 en Islande. Son p\u00e8re, Erik le Rouge est le fondateur<\/p>\n","protected":false},"author":2,"featured_media":0,"comment_status":"open","ping_status":"open","sticky":false,"template":"","format":"standard","meta":{"footnotes":""},"categories":[29],"tags":[],"class_list":["post-289","post","type-post","status-publish","format-standard","hentry","category-les-explorations-maritimes"],"_links":{"self":[{"href":"https:\/\/vivianedupart-infodoc.fr\/index.php\/wp-json\/wp\/v2\/posts\/289","targetHints":{"allow":["GET"]}}],"collection":[{"href":"https:\/\/vivianedupart-infodoc.fr\/index.php\/wp-json\/wp\/v2\/posts"}],"about":[{"href":"https:\/\/vivianedupart-infodoc.fr\/index.php\/wp-json\/wp\/v2\/types\/post"}],"author":[{"embeddable":true,"href":"https:\/\/vivianedupart-infodoc.fr\/index.php\/wp-json\/wp\/v2\/users\/2"}],"replies":[{"embeddable":true,"href":"https:\/\/vivianedupart-infodoc.fr\/index.php\/wp-json\/wp\/v2\/comments?post=289"}],"version-history":[{"count":3,"href":"https:\/\/vivianedupart-infodoc.fr\/index.php\/wp-json\/wp\/v2\/posts\/289\/revisions"}],"predecessor-version":[{"id":303,"href":"https:\/\/vivianedupart-infodoc.fr\/index.php\/wp-json\/wp\/v2\/posts\/289\/revisions\/303"}],"wp:attachment":[{"href":"https:\/\/vivianedupart-infodoc.fr\/index.php\/wp-json\/wp\/v2\/media?parent=289"}],"wp:term":[{"taxonomy":"category","embeddable":true,"href":"https:\/\/vivianedupart-infodoc.fr\/index.php\/wp-json\/wp\/v2\/categories?post=289"},{"taxonomy":"post_tag","embeddable":true,"href":"https:\/\/vivianedupart-infodoc.fr\/index.php\/wp-json\/wp\/v2\/tags?post=289"}],"curies":[{"name":"wp","href":"https:\/\/api.w.org\/{rel}","templated":true}]}}