{"id":67,"date":"2016-07-06T15:45:09","date_gmt":"2016-07-06T14:45:09","guid":{"rendered":"http:\/\/vivianedupart-infodoc.fr\/?p=67"},"modified":"2023-07-30T16:58:50","modified_gmt":"2023-07-30T15:58:50","slug":"en-2010-une-couverture-une-histoire-a-la-hauteur","status":"publish","type":"post","link":"https:\/\/vivianedupart-infodoc.fr\/index.php\/2016\/07\/06\/en-2010-une-couverture-une-histoire-a-la-hauteur\/","title":{"rendered":"En 2009&#8230; Une couverture, une histoire : A la hauteur"},"content":{"rendered":"<h2 class=\"surtitre\" style=\"text-align: center;\"><strong><span style=\"color: #ff9900;\">Une couverture, une histoire<\/span><\/strong><\/h2>\n<h2 class=\"soustitre\" style=\"text-align: center;\"><span style=\"color: #ff9900;\"><em>A la hauteur<\/em> de Laurent Tardy<\/span><\/h2>\n<div class=\"soustitre\"><\/div>\n<p>Dans le cadre du festival <i class=\"spip\">Temp\u00eate d\u2019images<\/i>, Zo\u00e9 a imagin\u00e9 une histoire \u00e0 partir uniquement de la premi\u00e8re de couverture de <i class=\"spip\">A la hauteur<\/i>.<\/p>\n<p><!--more--><\/p>\n<p><a href=\"http:\/\/vivianedupart-infodoc.fr\/wp-content\/uploads\/2016\/07\/hauteur-album.jpg\"><img loading=\"lazy\" decoding=\"async\" class=\"aligncenter size-full wp-image-68\" src=\"http:\/\/vivianedupart-infodoc.fr\/wp-content\/uploads\/2016\/07\/hauteur-album.jpg\" alt=\"hauteur album\" width=\"425\" height=\"300\" srcset=\"https:\/\/vivianedupart-infodoc.fr\/wp-content\/uploads\/2016\/07\/hauteur-album.jpg 425w, https:\/\/vivianedupart-infodoc.fr\/wp-content\/uploads\/2016\/07\/hauteur-album-300x212.jpg 300w, https:\/\/vivianedupart-infodoc.fr\/wp-content\/uploads\/2016\/07\/hauteur-album-150x106.jpg 150w\" sizes=\"auto, (max-width: 425px) 100vw, 425px\" \/><\/a><strong class=\"spip\">Le r\u00e9sum\u00e9 de la quatri\u00e8me de couverture&nbsp;:<\/strong> \u00ab\u00a0Des innocents ignoraient la chose impossible, alors ils l\u2019ont faite. \u00a0\u00bb Pline<\/p>\n<p>TARDY, Laurent. <i class=\"spip\">A la hauteur&nbsp;!<\/i>.Bower, 2007. ISBN&nbsp;: 978-2-35541-001-7<\/p>\n<hr>\n<p>&nbsp;<\/p>\n","protected":false},"excerpt":{"rendered":"<p>Une couverture, une histoire A la hauteur de Laurent Tardy Dans le cadre du festival Temp\u00eate d\u2019images, Zo\u00e9 a imagin\u00e9<\/p>\n","protected":false},"author":2,"featured_media":0,"comment_status":"open","ping_status":"open","sticky":false,"template":"","format":"standard","meta":{"footnotes":""},"categories":[100],"tags":[16],"class_list":["post-67","post","type-post","status-publish","format-standard","hentry","category-des-images-dans-la-marmite","tag-album"],"_links":{"self":[{"href":"https:\/\/vivianedupart-infodoc.fr\/index.php\/wp-json\/wp\/v2\/posts\/67","targetHints":{"allow":["GET"]}}],"collection":[{"href":"https:\/\/vivianedupart-infodoc.fr\/index.php\/wp-json\/wp\/v2\/posts"}],"about":[{"href":"https:\/\/vivianedupart-infodoc.fr\/index.php\/wp-json\/wp\/v2\/types\/post"}],"author":[{"embeddable":true,"href":"https:\/\/vivianedupart-infodoc.fr\/index.php\/wp-json\/wp\/v2\/users\/2"}],"replies":[{"embeddable":true,"href":"https:\/\/vivianedupart-infodoc.fr\/index.php\/wp-json\/wp\/v2\/comments?post=67"}],"version-history":[{"count":4,"href":"https:\/\/vivianedupart-infodoc.fr\/index.php\/wp-json\/wp\/v2\/posts\/67\/revisions"}],"predecessor-version":[{"id":2046,"href":"https:\/\/vivianedupart-infodoc.fr\/index.php\/wp-json\/wp\/v2\/posts\/67\/revisions\/2046"}],"wp:attachment":[{"href":"https:\/\/vivianedupart-infodoc.fr\/index.php\/wp-json\/wp\/v2\/media?parent=67"}],"wp:term":[{"taxonomy":"category","embeddable":true,"href":"https:\/\/vivianedupart-infodoc.fr\/index.php\/wp-json\/wp\/v2\/categories?post=67"},{"taxonomy":"post_tag","embeddable":true,"href":"https:\/\/vivianedupart-infodoc.fr\/index.php\/wp-json\/wp\/v2\/tags?post=67"}],"curies":[{"name":"wp","href":"https:\/\/api.w.org\/{rel}","templated":true}]}}