{"id":762,"date":"2016-11-20T17:16:46","date_gmt":"2016-11-20T16:16:46","guid":{"rendered":"http:\/\/vivianedupart-infodoc.fr\/?p=762"},"modified":"2016-11-20T17:16:46","modified_gmt":"2016-11-20T16:16:46","slug":"les-sources-de-lhistorien-documents-pour-les-profs-docs","status":"publish","type":"post","link":"https:\/\/vivianedupart-infodoc.fr\/index.php\/2016\/11\/20\/les-sources-de-lhistorien-documents-pour-les-profs-docs\/","title":{"rendered":"Les sources de l&rsquo;historien : Documents pour les profs-docs"},"content":{"rendered":"<p class=\"western\" align=\"center\">\n<h1 class=\"western\" style=\"text-align: justify;\" align=\"left\"><span style=\"font-family: Sylfaen, serif;\"><span style=\"font-size: medium;\"><a href=\"http:\/\/vivianedupart-infodoc.fr\/wp-content\/uploads\/2016\/11\/Plantu34.jpg\"><img loading=\"lazy\" decoding=\"async\" class=\"size-thumbnail wp-image-767 alignleft\" src=\"http:\/\/vivianedupart-infodoc.fr\/wp-content\/uploads\/2016\/11\/Plantu34-150x150.jpg\" alt=\"plantu34\" width=\"150\" height=\"150\" \/><\/a><strong><span style=\"color: #ff9900;\">Dans le cadre des cours d&rsquo;Histoire-G\u00e9ographie, d\u00e8s les deux premi\u00e8res semaines de septembre, tous les \u00e9l\u00e8ves de 6\u00e8me ont une s\u00e9quence d&rsquo;une dur\u00e9e de 4 heures sur le th\u00e8me : <i>Les sources de l&rsquo;historien.<\/i> <\/span><\/strong><\/span><\/span><\/h1>\n<p class=\"western\" align=\"justify\">\n<p class=\"western\" align=\"justify\"><span style=\"font-family: Sylfaen, serif;\"><span style=\"font-size: medium;\">Chaque s\u00e9ance aborde un th\u00e8me particulier\u00a0:<\/span><\/span><\/p>\n<ul>\n<li>\n<p class=\"western\" align=\"justify\"><span style=\"font-family: Sylfaen, serif;\"><span style=\"font-size: medium;\">la construction du discours historique (1h)<\/span><\/span><\/p>\n<\/li>\n<li>\n<p class=\"western\" align=\"justify\"><span style=\"font-family: Sylfaen, serif;\"><span style=\"font-size: medium;\">l&rsquo;int\u00e9r\u00eat des sources pour l&rsquo;historien (1h)<\/span><\/span><\/p>\n<\/li>\n<li>\n<p class=\"western\" align=\"justify\"><span style=\"font-family: Sylfaen, serif;\"><span style=\"font-size: medium;\">pr\u00e9sentation d&rsquo;une source (1h)<\/span><\/span><\/p>\n<\/li>\n<li>\n<p class=\"western\" align=\"justify\"><span style=\"font-family: Sylfaen, serif;\"><span style=\"font-size: medium;\">les sources de l&rsquo;historien et les sources d&rsquo;information (1h)<\/span><\/span><\/p>\n<\/li>\n<\/ul>\n<p class=\"western\"><span style=\"font-family: Sylfaen, serif; color: #ff9900;\"><span style=\"font-size: large;\"><b>Contexte d&rsquo;enseignement\u00a0: <\/b><\/span><\/span><\/p>\n<ul>\n<li>\n<p class=\"western\"><span style=\"font-family: Sylfaen, serif;\"><span style=\"font-size: medium;\">programme d&rsquo;Histoire, G\u00e9ographie et EMC\u00a0: distinguer et conna\u00eetre les sources de l&rsquo;historien<\/span><\/span><\/p>\n<\/li>\n<li>\n<p class=\"western\"><span style=\"font-family: Sylfaen, serif;\"><span style=\"font-size: medium;\">information-documentation (curriculum APDEN)\u00a0: distinguer l&rsquo;information, le document, le support<\/span><\/span><\/p>\n<\/li>\n<li>\n<p class=\"western\"><span style=\"font-family: Sylfaen, serif;\"><span style=\"font-size: medium;\">EMI\u00a0: utiliser des documents de vulgarisation scientifique, distinguer les sources d&rsquo;information (validit\u00e9 et fiabilit\u00e9) et le degr\u00e9 de pertinence<\/span><\/span><\/p>\n<\/li>\n<\/ul>\n<p><strong><span style=\"color: #ff9900;\">Documents \u00e0 t\u00e9l\u00e9charger :\u00a0<\/span><\/strong><\/p>\n<p><a href=\"http:\/\/vivianedupart-infodoc.fr\/wp-content\/uploads\/2016\/11\/s\u00e9ance-1.7z\" target=\"_blank\">Les sources de l&rsquo;historien -s\u00e9ance 1<\/a><\/p>\n<p><a href=\"http:\/\/vivianedupart-infodoc.fr\/wp-content\/uploads\/2016\/11\/s\u00e9ance-2.7z\" target=\"_blank\">Les sources de l&rsquo;historien &#8211; s\u00e9ance 2<\/a><\/p>\n<p><a href=\"http:\/\/vivianedupart-infodoc.fr\/wp-content\/uploads\/2016\/11\/s\u00e9ance-3.7z\" target=\"_blank\">Les sources de l&rsquo;historien -s\u00e9ance 3<\/a><\/p>\n<p><a href=\"http:\/\/vivianedupart-infodoc.fr\/wp-content\/uploads\/2016\/11\/s\u00e9ance-4.7z\" target=\"_blank\">Les sources de l&rsquo;historien &#8211; s\u00e9ance 4<\/a><\/p>\n","protected":false},"excerpt":{"rendered":"<p>Dans le cadre des cours d&rsquo;Histoire-G\u00e9ographie, d\u00e8s les deux premi\u00e8res semaines de septembre, tous les \u00e9l\u00e8ves de 6\u00e8me ont une<\/p>\n","protected":false},"author":2,"featured_media":0,"comment_status":"closed","ping_status":"open","sticky":false,"template":"","format":"standard","meta":{"footnotes":""},"categories":[38],"tags":[27,48],"class_list":["post-762","post","type-post","status-publish","format-standard","hentry","category-niveau-6eme-sequences-a-telecharger","tag-sequence-a-telecharger","tag-source-dinfo","comments-off"],"_links":{"self":[{"href":"https:\/\/vivianedupart-infodoc.fr\/index.php\/wp-json\/wp\/v2\/posts\/762","targetHints":{"allow":["GET"]}}],"collection":[{"href":"https:\/\/vivianedupart-infodoc.fr\/index.php\/wp-json\/wp\/v2\/posts"}],"about":[{"href":"https:\/\/vivianedupart-infodoc.fr\/index.php\/wp-json\/wp\/v2\/types\/post"}],"author":[{"embeddable":true,"href":"https:\/\/vivianedupart-infodoc.fr\/index.php\/wp-json\/wp\/v2\/users\/2"}],"replies":[{"embeddable":true,"href":"https:\/\/vivianedupart-infodoc.fr\/index.php\/wp-json\/wp\/v2\/comments?post=762"}],"version-history":[{"count":3,"href":"https:\/\/vivianedupart-infodoc.fr\/index.php\/wp-json\/wp\/v2\/posts\/762\/revisions"}],"predecessor-version":[{"id":770,"href":"https:\/\/vivianedupart-infodoc.fr\/index.php\/wp-json\/wp\/v2\/posts\/762\/revisions\/770"}],"wp:attachment":[{"href":"https:\/\/vivianedupart-infodoc.fr\/index.php\/wp-json\/wp\/v2\/media?parent=762"}],"wp:term":[{"taxonomy":"category","embeddable":true,"href":"https:\/\/vivianedupart-infodoc.fr\/index.php\/wp-json\/wp\/v2\/categories?post=762"},{"taxonomy":"post_tag","embeddable":true,"href":"https:\/\/vivianedupart-infodoc.fr\/index.php\/wp-json\/wp\/v2\/tags?post=762"}],"curies":[{"name":"wp","href":"https:\/\/api.w.org\/{rel}","templated":true}]}}