{"id":96,"date":"2016-07-07T12:23:20","date_gmt":"2016-07-07T11:23:20","guid":{"rendered":"http:\/\/vivianedupart-infodoc.fr\/?p=96"},"modified":"2023-07-30T16:57:54","modified_gmt":"2023-07-30T15:57:54","slug":"3eme-festival-des-images-dans-la-marmite-2013","status":"publish","type":"post","link":"https:\/\/vivianedupart-infodoc.fr\/index.php\/2016\/07\/07\/3eme-festival-des-images-dans-la-marmite-2013\/","title":{"rendered":"3\u00e8me festival : Des images dans la marmite (2013)"},"content":{"rendered":"<h2 class=\"surtitre\" style=\"text-align: center;\"><strong><span style=\"color: #ff9900;\">3\u00e8me festival de l\u2019album de jeunesse<\/span><\/strong><\/h2>\n<h2 class=\"titre\" style=\"text-align: center;\"><strong><span style=\"color: #ff9900;\">Des images dans la marmite<\/span><\/strong><\/h2>\n<div class=\"titre\"><\/div>\n<div class=\"titre\">\n<p><a href=\"http:\/\/vivianedupart-infodoc.fr\/wp-content\/uploads\/2016\/07\/festival-3.jpg\"><img loading=\"lazy\" decoding=\"async\" class=\"aligncenter size-full wp-image-97\" src=\"http:\/\/vivianedupart-infodoc.fr\/wp-content\/uploads\/2016\/07\/festival-3.jpg\" alt=\"festival 3\" width=\"296\" height=\"425\" srcset=\"https:\/\/vivianedupart-infodoc.fr\/wp-content\/uploads\/2016\/07\/festival-3.jpg 296w, https:\/\/vivianedupart-infodoc.fr\/wp-content\/uploads\/2016\/07\/festival-3-209x300.jpg 209w, https:\/\/vivianedupart-infodoc.fr\/wp-content\/uploads\/2016\/07\/festival-3-104x150.jpg 104w\" sizes=\"auto, (max-width: 296px) 100vw, 296px\" \/><\/a><\/p>\n<p class=\"spip\"><strong>P\u00eale-m\u00eale d\u2019images&nbsp;: du lundi 7 octobre au vendredi 11 octobre<\/strong><\/p>\n<ul>\n<li class=\"spip\">D\u00e9couvrir 7 albums de jeunesse en r\u00e9alisant un p\u00eale-m\u00eale \u00e0 la mani\u00e8re de Torres-Garcia (D\u00e9coupage d\u2019illustrations et agencement sur une trame de fond).<\/li>\n<\/ul>\n<p>&nbsp;<\/p>\n<p class=\"spip\"><strong>Affiche de pub&nbsp;: du lundi 14 octobre au vendredi 18 octobre<\/strong><\/p>\n<ul>\n<li class=\"spip\">R\u00e9aliser des affiches o\u00f9 de curieux personnages d\u2019album de jeunesse lisent dans des endroits improbables.<\/li>\n<\/ul>\n<p>&nbsp;<\/p>\n<p class=\"spip\"><strong>Au-del\u00e0 de l\u2019image&nbsp;: du lundi 4 novembre au vendredi 8 novembre<\/strong><\/p>\n<ul>\n<li class=\"spip\">Imaginer autour d\u2019un \u00e9l\u00e9ment donn\u00e9 la suite de l\u2019illustration d\u2019un album de jeunesse.<\/li>\n<\/ul>\n<p>&nbsp;<\/p>\n<p class=\"spip\"><strong>Chasseurs d\u2019images&nbsp;: du mardi 12 novembre au vendredi 15 novembre<\/strong><\/p>\n<ul>\n<li class=\"spip\">Partir \u00e0 la traque des images dans une s\u00e9lection d\u2019albums de jeunesse. Trouvez toutes les portes, les chapeaux, les oiseaux, les monstres&#8230; et r\u00e9aliser un tableau de chasse&nbsp;!<\/li>\n<\/ul>\n<p>&nbsp;<\/p>\n<p class=\"spip\"><em>Inscriptions aupr\u00e8s de Mme&nbsp;Dupart au CDI. Un atelier dure une semaine sur le temps du midi (de 12h50 \u00e0 13h20) et le nombre de places est limit\u00e9 \u00e0 6 \u00e9l\u00e8ves (Priorit\u00e9 aux \u00e9l\u00e8ves de 6\u00e8me).<\/em><\/p>\n<p class=\"spip\"><strong>Exposition des travaux \u00e0 partir du mardi 19 novembre<\/strong><\/p>\n<hr>\n<p class=\"spip\">\n<\/div>\n","protected":false},"excerpt":{"rendered":"<p>3\u00e8me festival de l\u2019album de jeunesse Des images dans la marmite P\u00eale-m\u00eale d\u2019images&nbsp;: du lundi 7 octobre au vendredi 11<\/p>\n","protected":false},"author":2,"featured_media":0,"comment_status":"open","ping_status":"open","sticky":false,"template":"","format":"standard","meta":{"footnotes":""},"categories":[100],"tags":[16],"class_list":["post-96","post","type-post","status-publish","format-standard","hentry","category-des-images-dans-la-marmite","tag-album"],"_links":{"self":[{"href":"https:\/\/vivianedupart-infodoc.fr\/index.php\/wp-json\/wp\/v2\/posts\/96","targetHints":{"allow":["GET"]}}],"collection":[{"href":"https:\/\/vivianedupart-infodoc.fr\/index.php\/wp-json\/wp\/v2\/posts"}],"about":[{"href":"https:\/\/vivianedupart-infodoc.fr\/index.php\/wp-json\/wp\/v2\/types\/post"}],"author":[{"embeddable":true,"href":"https:\/\/vivianedupart-infodoc.fr\/index.php\/wp-json\/wp\/v2\/users\/2"}],"replies":[{"embeddable":true,"href":"https:\/\/vivianedupart-infodoc.fr\/index.php\/wp-json\/wp\/v2\/comments?post=96"}],"version-history":[{"count":6,"href":"https:\/\/vivianedupart-infodoc.fr\/index.php\/wp-json\/wp\/v2\/posts\/96\/revisions"}],"predecessor-version":[{"id":2042,"href":"https:\/\/vivianedupart-infodoc.fr\/index.php\/wp-json\/wp\/v2\/posts\/96\/revisions\/2042"}],"wp:attachment":[{"href":"https:\/\/vivianedupart-infodoc.fr\/index.php\/wp-json\/wp\/v2\/media?parent=96"}],"wp:term":[{"taxonomy":"category","embeddable":true,"href":"https:\/\/vivianedupart-infodoc.fr\/index.php\/wp-json\/wp\/v2\/categories?post=96"},{"taxonomy":"post_tag","embeddable":true,"href":"https:\/\/vivianedupart-infodoc.fr\/index.php\/wp-json\/wp\/v2\/tags?post=96"}],"curies":[{"name":"wp","href":"https:\/\/api.w.org\/{rel}","templated":true}]}}